{"id":11729,"date":"2026-08-10T13:03:56","date_gmt":"2026-08-10T17:03:56","guid":{"rendered":"https:\/\/packardhealth.org\/?p=11729"},"modified":"2026-08-10T15:12:26","modified_gmt":"2026-08-10T19:12:26","slug":"representatives-debbie-dingell-and-analilia-mejia-visit-packard-health-during-national-health-center-week","status":"publish","type":"post","link":"https:\/\/packardhealth.org\/es\/representatives-debbie-dingell-and-analilia-mejia-visit-packard-health-during-national-health-center-week\/","title":{"rendered":"Las representantes Debbie Dingell y Analilia Mejia visitan Packard Health durante la Semana Nacional de los Centros de Salud"},"content":{"rendered":"<figure class=\"wp-block-image size-large is-resized\"><img loading=\"lazy\" decoding=\"async\" width=\"1024\" height=\"819\" src=\"https:\/\/packardhealth.org\/wp-content\/uploads\/2026\/08\/Dingell-Mejia-visit-Aug-26-group-1024x819.jpg\" alt=\"Representatives Dingell and Mejia at a standing outside Packard Health Carpenter clinic with Packard Health staff and board members\" class=\"wp-image-11738\" style=\"aspect-ratio:1.250374812593703;object-fit:cover;width:575px;height:auto\" srcset=\"https:\/\/packardhealth.org\/wp-content\/uploads\/2026\/08\/Dingell-Mejia-visit-Aug-26-group-1024x819.jpg 1024w, https:\/\/packardhealth.org\/wp-content\/uploads\/2026\/08\/Dingell-Mejia-visit-Aug-26-group-300x240.jpg 300w, https:\/\/packardhealth.org\/wp-content\/uploads\/2026\/08\/Dingell-Mejia-visit-Aug-26-group-768x614.jpg 768w, https:\/\/packardhealth.org\/wp-content\/uploads\/2026\/08\/Dingell-Mejia-visit-Aug-26-group-15x12.jpg 15w, https:\/\/packardhealth.org\/wp-content\/uploads\/2026\/08\/Dingell-Mejia-visit-Aug-26-group-1080x864.jpg 1080w, https:\/\/packardhealth.org\/wp-content\/uploads\/2026\/08\/Dingell-Mejia-visit-Aug-26-group.jpg 1500w\" sizes=\"auto, (max-width: 1024px) 100vw, 1024px\" \/><figcaption class=\"wp-element-caption\"><em>De izq. a der.: Presidente de la Junta Directiva <strong>Margaret Calarco<\/strong>, Miembro de la Junta Directiva <strong>Sharon Moore<\/strong>, Gerente de Farmacia <strong>Laura Lollio<\/strong>, Representante <strong>Debbie Dingell<\/strong>, Representante <strong>Analilia Mejia<\/strong>, Miembro de la Junta Directiva <strong>Edd Snyder<\/strong>, Director de Calidad <strong>Donyale Hamilton<\/strong>, Director Ejecutivo <strong>Ray Rion<\/strong>, Director de Operaciones <strong>Oryanna Diem<\/strong>, Gerente Senior de Pr\u00e1ctica <strong>Latechia Howard<\/strong>, y Director de Salud Conductual <strong>Corey Telin<\/strong><\/em><\/figcaption><\/figure>\n\n\n\n<div style=\"height:34px\" aria-hidden=\"true\" class=\"wp-block-spacer\"><\/div>\n\n\n\n<p class=\"wp-block-paragraph\">Como parte de <strong>Semana Nacional de los Centros de Salud<\/strong>, Packard Health tuvo el agrado de recibir <a href=\"https:\/\/debbiedingell.house.gov\/\" target=\"_blank\" rel=\"noreferrer noopener\">Representante de EE. UU. Debbie Dingell (MI-06)<span class=\"wp-rich-text-font-awesome-icon wp-font-awesome-icon\"><svg aria-hidden=\"true\" focusable=\"false\" data-prefix=\"fas\" data-icon=\"up-right-from-square\" class=\"svg-inline--fa fa-up-right-from-square\" role=\"img\" xmlns=\"http:\/\/www.w3.org\/2000\/svg\" viewbox=\"0 0 512 512\"><path fill=\"currentColor\" d=\"M290.4 19.8C295.4 7.8 307.1 0 320 0L480 0c17.7 0 32 14.3 32 32l0 160c0 12.9-7.8 24.6-19.8 29.6s-25.7 2.2-34.9-6.9L400 157.3 246.6 310.6c-12.5 12.5-32.8 12.5-45.3 0s-12.5-32.8 0-45.3L354.7 112 297.4 54.6c-9.2-9.2-11.9-22.9-6.9-34.9zM0 176c0-44.2 35.8-80 80-80l80 0c17.7 0 32 14.3 32 32s-14.3 32-32 32l-80 0c-8.8 0-16 7.2-16 16l0 256c0 8.8 7.2 16 16 16l256 0c8.8 0 16-7.2 16-16l0-80c0-17.7 14.3-32 32-32s32 14.3 32 32l0 80c0 44.2-35.8 80-80 80L80 512c-44.2 0-80-35.8-80-80L0 176z\"><\/path><\/svg><\/span><\/a><strong> y <\/strong><a href=\"https:\/\/mejia.house.gov\/\" target=\"_blank\" rel=\"noreferrer noopener\">Representante de EE. UU. Analilia Mejia (NJ-10)<span class=\"wp-rich-text-font-awesome-icon wp-font-awesome-icon\"><svg aria-hidden=\"true\" focusable=\"false\" data-prefix=\"fas\" data-icon=\"up-right-from-square\" class=\"svg-inline--fa fa-up-right-from-square\" role=\"img\" xmlns=\"http:\/\/www.w3.org\/2000\/svg\" viewbox=\"0 0 512 512\"><path fill=\"currentColor\" d=\"M290.4 19.8C295.4 7.8 307.1 0 320 0L480 0c17.7 0 32 14.3 32 32l0 160c0 12.9-7.8 24.6-19.8 29.6s-25.7 2.2-34.9-6.9L400 157.3 246.6 310.6c-12.5 12.5-32.8 12.5-45.3 0s-12.5-32.8 0-45.3L354.7 112 297.4 54.6c-9.2-9.2-11.9-22.9-6.9-34.9zM0 176c0-44.2 35.8-80 80-80l80 0c17.7 0 32 14.3 32 32s-14.3 32-32 32l-80 0c-8.8 0-16 7.2-16 16l0 256c0 8.8 7.2 16 16 16l256 0c8.8 0 16-7.2 16-16l0-80c0-17.7 14.3-32 32-32s32 14.3 32 32l0 80c0 44.2-35.8 80-80 80L80 512c-44.2 0-80-35.8-80-80L0 176z\"><\/path><\/svg><\/span><\/a> para una discusi\u00f3n con el personal y los miembros de la junta directiva sobre el papel fundamental que desempe\u00f1an los centros de salud comunitarios en la mejora del acceso a la atenci\u00f3n y el impacto potencial de los pr\u00f3ximos cambios federales en Medicaid. Los representantes Dingell y Mejia se han mostrado firmes en su preocupaci\u00f3n de que las reducciones propuestas en Medicaid podr\u00edan afectar a los pacientes, a los proveedores de atenci\u00f3n m\u00e9dica y a las comunidades en todo el pa\u00eds.<\/p>\n\n\n\n<p class=\"wp-block-paragraph\">Durante la visita, <strong>Los l\u00edderes de Packard Health compartieron los desaf\u00edos que enfrentan los centros de salud comunitarios hoy en d\u00eda y las preocupaciones en torno a los futuros cambios en las pol\u00edticas de Medicaid. <\/strong>La conversaci\u00f3n se centr\u00f3 en c\u00f3mo Medicaid ayuda a conectar a los pacientes con la atenci\u00f3n primaria, los servicios de salud conductual, la atenci\u00f3n preventiva y el manejo de enfermedades cr\u00f3nicas, y en c\u00f3mo los cambios al programa podr\u00edan crear barreras de acceso a la atenci\u00f3n m\u00e9dica para muchas personas y familias. <\/p>\n\n\n\n<div style=\"height:34px\" aria-hidden=\"true\" class=\"wp-block-spacer\"><\/div>\n\n\n\n<figure class=\"wp-block-gallery has-nested-images columns-default wp-block-gallery-1 is-layout-flex wp-block-gallery-is-layout-flex\">\n<figure class=\"wp-block-image size-large\"><img loading=\"lazy\" decoding=\"async\" width=\"1024\" height=\"819\" data-id=\"11741\" src=\"https:\/\/packardhealth.org\/wp-content\/uploads\/2026\/08\/Dingell-Mejia-visit-Aug-26-4b-1024x819.jpg\" alt=\"Representatives Dingell and Mejia at a conference table speaking with Packard Health staff and board members\" class=\"wp-image-11741\" srcset=\"https:\/\/packardhealth.org\/wp-content\/uploads\/2026\/08\/Dingell-Mejia-visit-Aug-26-4b-1024x819.jpg 1024w, https:\/\/packardhealth.org\/wp-content\/uploads\/2026\/08\/Dingell-Mejia-visit-Aug-26-4b-300x240.jpg 300w, https:\/\/packardhealth.org\/wp-content\/uploads\/2026\/08\/Dingell-Mejia-visit-Aug-26-4b-768x614.jpg 768w, https:\/\/packardhealth.org\/wp-content\/uploads\/2026\/08\/Dingell-Mejia-visit-Aug-26-4b-15x12.jpg 15w, https:\/\/packardhealth.org\/wp-content\/uploads\/2026\/08\/Dingell-Mejia-visit-Aug-26-4b-1080x864.jpg 1080w, https:\/\/packardhealth.org\/wp-content\/uploads\/2026\/08\/Dingell-Mejia-visit-Aug-26-4b.jpg 1500w\" sizes=\"auto, (max-width: 1024px) 100vw, 1024px\" \/><figcaption class=\"wp-element-caption\">Los representantes Dingell y Mejia hablan con el personal y los miembros de la junta directiva. <\/figcaption><\/figure>\n\n\n\n<figure class=\"wp-block-image size-large\"><img loading=\"lazy\" decoding=\"async\" width=\"1024\" height=\"819\" data-id=\"11740\" src=\"https:\/\/packardhealth.org\/wp-content\/uploads\/2026\/08\/Dingell-Mejia-visit-Aug-26-1b-1024x819.jpg\" alt=\"Representatives Dingell and Mejia at a conference table speaking with Packard Health staff and board members\" class=\"wp-image-11740\" srcset=\"https:\/\/packardhealth.org\/wp-content\/uploads\/2026\/08\/Dingell-Mejia-visit-Aug-26-1b-1024x819.jpg 1024w, https:\/\/packardhealth.org\/wp-content\/uploads\/2026\/08\/Dingell-Mejia-visit-Aug-26-1b-300x240.jpg 300w, https:\/\/packardhealth.org\/wp-content\/uploads\/2026\/08\/Dingell-Mejia-visit-Aug-26-1b-768x614.jpg 768w, https:\/\/packardhealth.org\/wp-content\/uploads\/2026\/08\/Dingell-Mejia-visit-Aug-26-1b-15x12.jpg 15w, https:\/\/packardhealth.org\/wp-content\/uploads\/2026\/08\/Dingell-Mejia-visit-Aug-26-1b-1080x864.jpg 1080w, https:\/\/packardhealth.org\/wp-content\/uploads\/2026\/08\/Dingell-Mejia-visit-Aug-26-1b.jpg 1500w\" sizes=\"auto, (max-width: 1024px) 100vw, 1024px\" \/><figcaption class=\"wp-element-caption\">De izq. a der. \u2013 El director ejecutivo Ray Rion, la representante Debbie Dingell y la representante Analilia Mejia<\/figcaption><\/figure>\n<\/figure>\n\n\n\n<div style=\"height:34px\" aria-hidden=\"true\" class=\"wp-block-spacer\"><\/div>\n\n\n\n<p class=\"wp-block-paragraph\"><strong>La discusi\u00f3n tambi\u00e9n destac\u00f3 la importancia de las asociaciones locales s\u00f3lidas para promover la salud comunitaria. <\/strong>Packard Health trabaja en estrecha colaboraci\u00f3n con proveedores de atenci\u00f3n m\u00e9dica, escuelas, agencias de servicios sociales, organizaciones de vivienda y otros socios comunitarios para abordar tanto las necesidades m\u00e9dicas como los factores sociales que influyen en los resultados de salud. Estas colaboraciones ayudan a garantizar que los pacientes tengan acceso a atenci\u00f3n coordinada, servicios de apoyo y recursos que promueven la salud y el bienestar a largo plazo.<\/p>\n\n\n\n<p class=\"wp-block-paragraph\"><strong>La Semana Nacional de los Centros de Salud es una oportunidad para reconocer la labor esencial de los centros de salud comunitarios y las asociaciones que hacen posible ese trabajo. <\/strong>Packard Health agradeci\u00f3 la oportunidad de compartir las experiencias de nuestros pacientes y equipos de atenci\u00f3n, y de demostrar el importante papel que desempe\u00f1an los centros de salud comunitarios en el fortalecimiento de la salud de nuestra regi\u00f3n.<\/p>\n\n\n\n<p class=\"wp-block-paragraph\"><strong>Agradecemos a los representantes Dingell y Mejia por tomarse el tiempo de visitar Packard Health,<\/strong> interactuar con nuestro personal y los miembros de la junta directiva, y debatir sobre el futuro del acceso a la atenci\u00f3n m\u00e9dica para las comunidades a las que servimos.<\/p>\n\n\n\n<div style=\"height:34px\" aria-hidden=\"true\" class=\"wp-block-spacer\"><\/div>\n\n\n\n<figure class=\"wp-block-gallery has-nested-images columns-default wp-block-gallery-2 is-layout-flex wp-block-gallery-is-layout-flex\">\n<figure class=\"wp-block-image size-large\"><img loading=\"lazy\" decoding=\"async\" width=\"1024\" height=\"819\" data-id=\"11732\" src=\"https:\/\/packardhealth.org\/wp-content\/uploads\/2026\/08\/Dingell-Mejia-visit-Aug-26-5-1024x819.jpg\" alt=\"Representative Dingell at a conference table speaking with Packard Health staff\" class=\"wp-image-11732\" srcset=\"https:\/\/packardhealth.org\/wp-content\/uploads\/2026\/08\/Dingell-Mejia-visit-Aug-26-5-1024x819.jpg 1024w, https:\/\/packardhealth.org\/wp-content\/uploads\/2026\/08\/Dingell-Mejia-visit-Aug-26-5-300x240.jpg 300w, https:\/\/packardhealth.org\/wp-content\/uploads\/2026\/08\/Dingell-Mejia-visit-Aug-26-5-768x614.jpg 768w, https:\/\/packardhealth.org\/wp-content\/uploads\/2026\/08\/Dingell-Mejia-visit-Aug-26-5-15x12.jpg 15w, https:\/\/packardhealth.org\/wp-content\/uploads\/2026\/08\/Dingell-Mejia-visit-Aug-26-5-1080x864.jpg 1080w, https:\/\/packardhealth.org\/wp-content\/uploads\/2026\/08\/Dingell-Mejia-visit-Aug-26-5.jpg 1500w\" sizes=\"auto, (max-width: 1024px) 100vw, 1024px\" \/><\/figure>\n\n\n\n<figure class=\"wp-block-image size-large\"><img loading=\"lazy\" decoding=\"async\" width=\"1024\" height=\"819\" data-id=\"11734\" src=\"https:\/\/packardhealth.org\/wp-content\/uploads\/2026\/08\/Dingell-Mejia-visit-Aug-26-2-1024x819.jpg\" alt=\"Rep. Dingell and Packard Health ED Ray Rion looking into MLabs office\" class=\"wp-image-11734\" srcset=\"https:\/\/packardhealth.org\/wp-content\/uploads\/2026\/08\/Dingell-Mejia-visit-Aug-26-2-1024x819.jpg 1024w, https:\/\/packardhealth.org\/wp-content\/uploads\/2026\/08\/Dingell-Mejia-visit-Aug-26-2-300x240.jpg 300w, https:\/\/packardhealth.org\/wp-content\/uploads\/2026\/08\/Dingell-Mejia-visit-Aug-26-2-768x614.jpg 768w, https:\/\/packardhealth.org\/wp-content\/uploads\/2026\/08\/Dingell-Mejia-visit-Aug-26-2-15x12.jpg 15w, https:\/\/packardhealth.org\/wp-content\/uploads\/2026\/08\/Dingell-Mejia-visit-Aug-26-2-1080x864.jpg 1080w, https:\/\/packardhealth.org\/wp-content\/uploads\/2026\/08\/Dingell-Mejia-visit-Aug-26-2.jpg 1500w\" sizes=\"auto, (max-width: 1024px) 100vw, 1024px\" \/><\/figure>\n\n\n\n<figure class=\"wp-block-image size-large\"><img loading=\"lazy\" decoding=\"async\" width=\"1024\" height=\"819\" data-id=\"11735\" src=\"https:\/\/packardhealth.org\/wp-content\/uploads\/2026\/08\/Dingell-Mejia-visit-Aug-26-3-1024x819.jpg\" alt=\"Rep. Dingell speaking with Packard Health ED Ray Rion\" class=\"wp-image-11735\" srcset=\"https:\/\/packardhealth.org\/wp-content\/uploads\/2026\/08\/Dingell-Mejia-visit-Aug-26-3-1024x819.jpg 1024w, https:\/\/packardhealth.org\/wp-content\/uploads\/2026\/08\/Dingell-Mejia-visit-Aug-26-3-300x240.jpg 300w, https:\/\/packardhealth.org\/wp-content\/uploads\/2026\/08\/Dingell-Mejia-visit-Aug-26-3-768x614.jpg 768w, https:\/\/packardhealth.org\/wp-content\/uploads\/2026\/08\/Dingell-Mejia-visit-Aug-26-3-15x12.jpg 15w, https:\/\/packardhealth.org\/wp-content\/uploads\/2026\/08\/Dingell-Mejia-visit-Aug-26-3-1080x864.jpg 1080w, https:\/\/packardhealth.org\/wp-content\/uploads\/2026\/08\/Dingell-Mejia-visit-Aug-26-3.jpg 1500w\" sizes=\"auto, (max-width: 1024px) 100vw, 1024px\" \/><\/figure>\n\n\n\n<figure class=\"wp-block-image size-large\"><img loading=\"lazy\" decoding=\"async\" width=\"1024\" height=\"819\" data-id=\"11733\" src=\"https:\/\/packardhealth.org\/wp-content\/uploads\/2026\/08\/Dingell-Mejia-visit-Aug-26-6-1024x819.jpg\" alt=\"Representatives Dingell and Mejia speaking with Packard Health ED Ray Rion\" class=\"wp-image-11733\" srcset=\"https:\/\/packardhealth.org\/wp-content\/uploads\/2026\/08\/Dingell-Mejia-visit-Aug-26-6-1024x819.jpg 1024w, https:\/\/packardhealth.org\/wp-content\/uploads\/2026\/08\/Dingell-Mejia-visit-Aug-26-6-300x240.jpg 300w, https:\/\/packardhealth.org\/wp-content\/uploads\/2026\/08\/Dingell-Mejia-visit-Aug-26-6-768x614.jpg 768w, https:\/\/packardhealth.org\/wp-content\/uploads\/2026\/08\/Dingell-Mejia-visit-Aug-26-6-15x12.jpg 15w, https:\/\/packardhealth.org\/wp-content\/uploads\/2026\/08\/Dingell-Mejia-visit-Aug-26-6-1080x864.jpg 1080w, https:\/\/packardhealth.org\/wp-content\/uploads\/2026\/08\/Dingell-Mejia-visit-Aug-26-6.jpg 1500w\" sizes=\"auto, (max-width: 1024px) 100vw, 1024px\" \/><\/figure>\n\n\n\n<figure class=\"wp-block-image size-large\"><img loading=\"lazy\" decoding=\"async\" width=\"1024\" height=\"819\" data-id=\"11736\" src=\"https:\/\/packardhealth.org\/wp-content\/uploads\/2026\/08\/Dingell-Mejia-visit-Aug-26-7-1024x819.jpg\" alt=\"Representatives Dingell and Mejia speaking outside Packard Health\" class=\"wp-image-11736\" srcset=\"https:\/\/packardhealth.org\/wp-content\/uploads\/2026\/08\/Dingell-Mejia-visit-Aug-26-7-1024x819.jpg 1024w, https:\/\/packardhealth.org\/wp-content\/uploads\/2026\/08\/Dingell-Mejia-visit-Aug-26-7-300x240.jpg 300w, https:\/\/packardhealth.org\/wp-content\/uploads\/2026\/08\/Dingell-Mejia-visit-Aug-26-7-768x614.jpg 768w, https:\/\/packardhealth.org\/wp-content\/uploads\/2026\/08\/Dingell-Mejia-visit-Aug-26-7-15x12.jpg 15w, https:\/\/packardhealth.org\/wp-content\/uploads\/2026\/08\/Dingell-Mejia-visit-Aug-26-7-1080x864.jpg 1080w, https:\/\/packardhealth.org\/wp-content\/uploads\/2026\/08\/Dingell-Mejia-visit-Aug-26-7.jpg 1500w\" sizes=\"auto, (max-width: 1024px) 100vw, 1024px\" \/><\/figure>\n\n\n\n<figure class=\"wp-block-image size-large\"><img loading=\"lazy\" decoding=\"async\" width=\"1024\" height=\"819\" data-id=\"11737\" src=\"https:\/\/packardhealth.org\/wp-content\/uploads\/2026\/08\/Dingell-Mejia-visit-Aug-26-8-1024x819.jpg\" alt=\"Representatives Dingell and Mejia speaking with Packard Health board member and patient\" class=\"wp-image-11737\" srcset=\"https:\/\/packardhealth.org\/wp-content\/uploads\/2026\/08\/Dingell-Mejia-visit-Aug-26-8-1024x819.jpg 1024w, https:\/\/packardhealth.org\/wp-content\/uploads\/2026\/08\/Dingell-Mejia-visit-Aug-26-8-300x240.jpg 300w, https:\/\/packardhealth.org\/wp-content\/uploads\/2026\/08\/Dingell-Mejia-visit-Aug-26-8-768x614.jpg 768w, https:\/\/packardhealth.org\/wp-content\/uploads\/2026\/08\/Dingell-Mejia-visit-Aug-26-8-15x12.jpg 15w, https:\/\/packardhealth.org\/wp-content\/uploads\/2026\/08\/Dingell-Mejia-visit-Aug-26-8-1080x864.jpg 1080w, https:\/\/packardhealth.org\/wp-content\/uploads\/2026\/08\/Dingell-Mejia-visit-Aug-26-8.jpg 1500w\" sizes=\"auto, (max-width: 1024px) 100vw, 1024px\" \/><\/figure>\n<\/figure>\n\n\n\n<p class=\"wp-block-paragraph\"><\/p>","protected":false},"excerpt":{"rendered":"<p>Durante la Semana Nacional de los Centros de Salud, Packard Health tuvo el honor de recibir a las representantes de EE. UU. Debbie Dingell y Analilia Mejia para una conversaci\u00f3n con nuestro personal y miembros de la junta directiva sobre la importancia de Medicaid, los desaf\u00edos que enfrentan los centros de salud comunitarios y el poder de las asociaciones locales para apoyar la salud de la comunidad.<\/p>","protected":false},"author":12,"featured_media":11748,"comment_status":"closed","ping_status":"closed","sticky":false,"template":"","format":"standard","meta":{"_acf_changed":false,"footnotes":"","_links_to":"","_links_to_target":""},"categories":[2,69],"tags":[98],"class_list":["post-11729","post","type-post","status-publish","format-standard","has-post-thumbnail","hentry","category-news","category-staff-patients","tag-medicaid"],"acf":[],"yoast_head":"<!-- This site is optimized with the Yoast SEO plugin v28.3 - https:\/\/yoast.com\/product\/yoast-seo-wordpress\/ -->\n<title>Representatives Debbie Dingell and Analilia Mejia Visit Packard Health During National Health Center Week - Packard Health<\/title>\n<meta name=\"description\" content=\"During National Health Center Week, Packard Health was honored to welcome U.S. Representatives Debbie Dingell and Analilia Mejia for a conversation with our staff and board members about the importance of Medicaid, the challenges facing community health centers, and the power of local partnerships in supporting community health.\" \/>\n<meta name=\"robots\" content=\"index, follow, max-snippet:-1, max-image-preview:large, max-video-preview:-1\" \/>\n<link rel=\"canonical\" href=\"https:\/\/packardhealth.org\/es\/representatives-debbie-dingell-and-analilia-mejia-visit-packard-health-during-national-health-center-week\/\" \/>\n<meta property=\"og:locale\" content=\"es_MX\" \/>\n<meta property=\"og:type\" content=\"article\" \/>\n<meta property=\"og:title\" content=\"Representatives Debbie Dingell and Analilia Mejia Visit Packard Health During National Health Center Week - Packard Health\" \/>\n<meta property=\"og:description\" content=\"During National Health Center Week, Packard Health was honored to welcome U.S. Representatives Debbie Dingell and Analilia Mejia for a conversation with our staff and board members about the importance of Medicaid, the challenges facing community health centers, and the power of local partnerships in supporting community health.\" \/>\n<meta property=\"og:url\" content=\"https:\/\/packardhealth.org\/es\/representatives-debbie-dingell-and-analilia-mejia-visit-packard-health-during-national-health-center-week\/\" \/>\n<meta property=\"og:site_name\" content=\"Packard Health\" \/>\n<meta property=\"article:published_time\" content=\"2026-08-10T17:03:56+00:00\" \/>\n<meta property=\"article:modified_time\" content=\"2026-08-10T19:12:26+00:00\" \/>\n<meta property=\"og:image\" content=\"https:\/\/packardhealth.org\/wp-content\/uploads\/2026\/08\/Dingell-Mejia-visit-Aug-26-group-feature.jpg\" \/>\n\t<meta property=\"og:image:width\" content=\"1000\" \/>\n\t<meta property=\"og:image:height\" content=\"870\" \/>\n\t<meta property=\"og:image:type\" content=\"image\/jpeg\" \/>\n<meta name=\"author\" content=\"Allison Halerz\" \/>\n<meta name=\"twitter:card\" content=\"summary_large_image\" \/>\n<meta name=\"twitter:label1\" content=\"Escrito por\" \/>\n\t<meta name=\"twitter:data1\" content=\"Allison Halerz\" \/>\n\t<meta name=\"twitter:label2\" content=\"Tiempo de lectura\" \/>\n\t<meta name=\"twitter:data2\" content=\"4 minutos\" \/>\n<script type=\"application\/ld+json\" class=\"yoast-schema-graph\">{\"@context\":\"https:\\\/\\\/schema.org\",\"@graph\":[{\"@type\":\"Article\",\"@id\":\"https:\\\/\\\/packardhealth.org\\\/representatives-debbie-dingell-and-analilia-mejia-visit-packard-health-during-national-health-center-week\\\/#article\",\"isPartOf\":{\"@id\":\"https:\\\/\\\/packardhealth.org\\\/representatives-debbie-dingell-and-analilia-mejia-visit-packard-health-during-national-health-center-week\\\/\"},\"author\":{\"name\":\"Allison Halerz\",\"@id\":\"https:\\\/\\\/packardhealth.org\\\/#\\\/schema\\\/person\\\/16953d509256d393293f51374f489bae\"},\"headline\":\"Representatives Debbie Dingell and Analilia Mejia Visit Packard Health During National Health Center Week\",\"datePublished\":\"2026-08-10T17:03:56+00:00\",\"dateModified\":\"2026-08-10T19:12:26+00:00\",\"mainEntityOfPage\":{\"@id\":\"https:\\\/\\\/packardhealth.org\\\/representatives-debbie-dingell-and-analilia-mejia-visit-packard-health-during-national-health-center-week\\\/\"},\"wordCount\":382,\"image\":{\"@id\":\"https:\\\/\\\/packardhealth.org\\\/representatives-debbie-dingell-and-analilia-mejia-visit-packard-health-during-national-health-center-week\\\/#primaryimage\"},\"thumbnailUrl\":\"https:\\\/\\\/packardhealth.org\\\/wp-content\\\/uploads\\\/2026\\\/08\\\/Dingell-Mejia-visit-Aug-26-group-feature.jpg\",\"keywords\":[\"Medicaid\"],\"articleSection\":[\"News\",\"Staff &amp; Patients\"],\"inLanguage\":\"es\"},{\"@type\":\"WebPage\",\"@id\":\"https:\\\/\\\/packardhealth.org\\\/representatives-debbie-dingell-and-analilia-mejia-visit-packard-health-during-national-health-center-week\\\/\",\"url\":\"https:\\\/\\\/packardhealth.org\\\/representatives-debbie-dingell-and-analilia-mejia-visit-packard-health-during-national-health-center-week\\\/\",\"name\":\"Representatives Debbie Dingell and Analilia Mejia Visit Packard Health During National Health Center Week - Packard Health\",\"isPartOf\":{\"@id\":\"https:\\\/\\\/packardhealth.org\\\/#website\"},\"primaryImageOfPage\":{\"@id\":\"https:\\\/\\\/packardhealth.org\\\/representatives-debbie-dingell-and-analilia-mejia-visit-packard-health-during-national-health-center-week\\\/#primaryimage\"},\"image\":{\"@id\":\"https:\\\/\\\/packardhealth.org\\\/representatives-debbie-dingell-and-analilia-mejia-visit-packard-health-during-national-health-center-week\\\/#primaryimage\"},\"thumbnailUrl\":\"https:\\\/\\\/packardhealth.org\\\/wp-content\\\/uploads\\\/2026\\\/08\\\/Dingell-Mejia-visit-Aug-26-group-feature.jpg\",\"datePublished\":\"2026-08-10T17:03:56+00:00\",\"dateModified\":\"2026-08-10T19:12:26+00:00\",\"author\":{\"@id\":\"https:\\\/\\\/packardhealth.org\\\/#\\\/schema\\\/person\\\/16953d509256d393293f51374f489bae\"},\"description\":\"During National Health Center Week, Packard Health was honored to welcome U.S. Representatives Debbie Dingell and Analilia Mejia for a conversation with our staff and board members about the importance of Medicaid, the challenges facing community health centers, and the power of local partnerships in supporting community health.\",\"breadcrumb\":{\"@id\":\"https:\\\/\\\/packardhealth.org\\\/representatives-debbie-dingell-and-analilia-mejia-visit-packard-health-during-national-health-center-week\\\/#breadcrumb\"},\"inLanguage\":\"es\",\"potentialAction\":[{\"@type\":\"ReadAction\",\"target\":[\"https:\\\/\\\/packardhealth.org\\\/representatives-debbie-dingell-and-analilia-mejia-visit-packard-health-during-national-health-center-week\\\/\"]}]},{\"@type\":\"ImageObject\",\"inLanguage\":\"es\",\"@id\":\"https:\\\/\\\/packardhealth.org\\\/representatives-debbie-dingell-and-analilia-mejia-visit-packard-health-during-national-health-center-week\\\/#primaryimage\",\"url\":\"https:\\\/\\\/packardhealth.org\\\/wp-content\\\/uploads\\\/2026\\\/08\\\/Dingell-Mejia-visit-Aug-26-group-feature.jpg\",\"contentUrl\":\"https:\\\/\\\/packardhealth.org\\\/wp-content\\\/uploads\\\/2026\\\/08\\\/Dingell-Mejia-visit-Aug-26-group-feature.jpg\",\"width\":1000,\"height\":870,\"caption\":\"Representatives Dingell and Mejia at a standing outside Packard Health Carpenter clinic with Packard Health staff and board members\"},{\"@type\":\"BreadcrumbList\",\"@id\":\"https:\\\/\\\/packardhealth.org\\\/representatives-debbie-dingell-and-analilia-mejia-visit-packard-health-during-national-health-center-week\\\/#breadcrumb\",\"itemListElement\":[{\"@type\":\"ListItem\",\"position\":1,\"name\":\"\",\"item\":\"https:\\\/\\\/packardhealth.org\\\/\"},{\"@type\":\"ListItem\",\"position\":2,\"name\":\"Representatives Debbie Dingell and Analilia Mejia Visit Packard Health During National Health Center Week\"}]},{\"@type\":\"WebSite\",\"@id\":\"https:\\\/\\\/packardhealth.org\\\/#website\",\"url\":\"https:\\\/\\\/packardhealth.org\\\/\",\"name\":\"Packard Health\",\"description\":\"Health care for everyone.\",\"potentialAction\":[{\"@type\":\"SearchAction\",\"target\":{\"@type\":\"EntryPoint\",\"urlTemplate\":\"https:\\\/\\\/packardhealth.org\\\/?s={search_term_string}\"},\"query-input\":{\"@type\":\"PropertyValueSpecification\",\"valueRequired\":true,\"valueName\":\"search_term_string\"}}],\"inLanguage\":\"es\"},{\"@type\":\"Person\",\"@id\":\"https:\\\/\\\/packardhealth.org\\\/#\\\/schema\\\/person\\\/16953d509256d393293f51374f489bae\",\"name\":\"Allison Halerz\",\"image\":{\"@type\":\"ImageObject\",\"inLanguage\":\"es\",\"@id\":\"https:\\\/\\\/secure.gravatar.com\\\/avatar\\\/c1ebafa3bde25ab2f2eb6205b833316b404c5901efcc1528900fdc2e7d146176?s=96&d=mm&r=g\",\"url\":\"https:\\\/\\\/secure.gravatar.com\\\/avatar\\\/c1ebafa3bde25ab2f2eb6205b833316b404c5901efcc1528900fdc2e7d146176?s=96&d=mm&r=g\",\"contentUrl\":\"https:\\\/\\\/secure.gravatar.com\\\/avatar\\\/c1ebafa3bde25ab2f2eb6205b833316b404c5901efcc1528900fdc2e7d146176?s=96&d=mm&r=g\",\"caption\":\"Allison Halerz\"},\"sameAs\":[\"http:\\\/\\\/www.packardhealth.org\"],\"url\":\"https:\\\/\\\/packardhealth.org\\\/es\\\/author\\\/allisonhalerz\\\/\"}]}<\/script>\n<!-- \/ Yoast SEO plugin. -->","yoast_head_json":{"title":"Representatives Debbie Dingell and Analilia Mejia Visit Packard Health During National Health Center Week - Packard Health","description":"Durante la Semana Nacional de los Centros de Salud, Packard Health tuvo el honor de recibir a las representantes de EE. UU. Debbie Dingell y Analilia Mejia para una conversaci\u00f3n con nuestro personal y miembros de la junta directiva sobre la importancia de Medicaid, los desaf\u00edos que enfrentan los centros de salud comunitarios y el poder de las asociaciones locales para apoyar la salud de la comunidad.","robots":{"index":"index","follow":"follow","max-snippet":"max-snippet:-1","max-image-preview":"max-image-preview:large","max-video-preview":"max-video-preview:-1"},"canonical":"https:\/\/packardhealth.org\/es\/representatives-debbie-dingell-and-analilia-mejia-visit-packard-health-during-national-health-center-week\/","og_locale":"es_MX","og_type":"article","og_title":"Representatives Debbie Dingell and Analilia Mejia Visit Packard Health During National Health Center Week - Packard Health","og_description":"During National Health Center Week, Packard Health was honored to welcome U.S. Representatives Debbie Dingell and Analilia Mejia for a conversation with our staff and board members about the importance of Medicaid, the challenges facing community health centers, and the power of local partnerships in supporting community health.","og_url":"https:\/\/packardhealth.org\/es\/representatives-debbie-dingell-and-analilia-mejia-visit-packard-health-during-national-health-center-week\/","og_site_name":"Packard Health","article_published_time":"2026-08-10T17:03:56+00:00","article_modified_time":"2026-08-10T19:12:26+00:00","og_image":[{"width":1000,"height":870,"url":"https:\/\/packardhealth.org\/wp-content\/uploads\/2026\/08\/Dingell-Mejia-visit-Aug-26-group-feature.jpg","type":"image\/jpeg"}],"author":"Allison Halerz","twitter_card":"summary_large_image","twitter_misc":{"Escrito por":"Allison Halerz","Tiempo de lectura":"4 minutos"},"schema":{"@context":"https:\/\/schema.org","@graph":[{"@type":"Article","@id":"https:\/\/packardhealth.org\/representatives-debbie-dingell-and-analilia-mejia-visit-packard-health-during-national-health-center-week\/#article","isPartOf":{"@id":"https:\/\/packardhealth.org\/representatives-debbie-dingell-and-analilia-mejia-visit-packard-health-during-national-health-center-week\/"},"author":{"name":"Allison Halerz","@id":"https:\/\/packardhealth.org\/#\/schema\/person\/16953d509256d393293f51374f489bae"},"headline":"Representatives Debbie Dingell and Analilia Mejia Visit Packard Health During National Health Center Week","datePublished":"2026-08-10T17:03:56+00:00","dateModified":"2026-08-10T19:12:26+00:00","mainEntityOfPage":{"@id":"https:\/\/packardhealth.org\/representatives-debbie-dingell-and-analilia-mejia-visit-packard-health-during-national-health-center-week\/"},"wordCount":382,"image":{"@id":"https:\/\/packardhealth.org\/representatives-debbie-dingell-and-analilia-mejia-visit-packard-health-during-national-health-center-week\/#primaryimage"},"thumbnailUrl":"https:\/\/packardhealth.org\/wp-content\/uploads\/2026\/08\/Dingell-Mejia-visit-Aug-26-group-feature.jpg","keywords":["Medicaid"],"articleSection":["News","Staff &amp; Patients"],"inLanguage":"es"},{"@type":"WebPage","@id":"https:\/\/packardhealth.org\/representatives-debbie-dingell-and-analilia-mejia-visit-packard-health-during-national-health-center-week\/","url":"https:\/\/packardhealth.org\/representatives-debbie-dingell-and-analilia-mejia-visit-packard-health-during-national-health-center-week\/","name":"Representatives Debbie Dingell and Analilia Mejia Visit Packard Health During National Health Center Week - Packard Health","isPartOf":{"@id":"https:\/\/packardhealth.org\/#website"},"primaryImageOfPage":{"@id":"https:\/\/packardhealth.org\/representatives-debbie-dingell-and-analilia-mejia-visit-packard-health-during-national-health-center-week\/#primaryimage"},"image":{"@id":"https:\/\/packardhealth.org\/representatives-debbie-dingell-and-analilia-mejia-visit-packard-health-during-national-health-center-week\/#primaryimage"},"thumbnailUrl":"https:\/\/packardhealth.org\/wp-content\/uploads\/2026\/08\/Dingell-Mejia-visit-Aug-26-group-feature.jpg","datePublished":"2026-08-10T17:03:56+00:00","dateModified":"2026-08-10T19:12:26+00:00","author":{"@id":"https:\/\/packardhealth.org\/#\/schema\/person\/16953d509256d393293f51374f489bae"},"description":"Durante la Semana Nacional de los Centros de Salud, Packard Health tuvo el honor de recibir a las representantes de EE. UU. Debbie Dingell y Analilia Mejia para una conversaci\u00f3n con nuestro personal y miembros de la junta directiva sobre la importancia de Medicaid, los desaf\u00edos que enfrentan los centros de salud comunitarios y el poder de las asociaciones locales para apoyar la salud de la comunidad.","breadcrumb":{"@id":"https:\/\/packardhealth.org\/representatives-debbie-dingell-and-analilia-mejia-visit-packard-health-during-national-health-center-week\/#breadcrumb"},"inLanguage":"es","potentialAction":[{"@type":"ReadAction","target":["https:\/\/packardhealth.org\/representatives-debbie-dingell-and-analilia-mejia-visit-packard-health-during-national-health-center-week\/"]}]},{"@type":"ImageObject","inLanguage":"es","@id":"https:\/\/packardhealth.org\/representatives-debbie-dingell-and-analilia-mejia-visit-packard-health-during-national-health-center-week\/#primaryimage","url":"https:\/\/packardhealth.org\/wp-content\/uploads\/2026\/08\/Dingell-Mejia-visit-Aug-26-group-feature.jpg","contentUrl":"https:\/\/packardhealth.org\/wp-content\/uploads\/2026\/08\/Dingell-Mejia-visit-Aug-26-group-feature.jpg","width":1000,"height":870,"caption":"Representatives Dingell and Mejia at a standing outside Packard Health Carpenter clinic with Packard Health staff and board members"},{"@type":"BreadcrumbList","@id":"https:\/\/packardhealth.org\/representatives-debbie-dingell-and-analilia-mejia-visit-packard-health-during-national-health-center-week\/#breadcrumb","itemListElement":[{"@type":"ListItem","position":1,"name":"","item":"https:\/\/packardhealth.org\/"},{"@type":"ListItem","position":2,"name":"Representatives Debbie Dingell and Analilia Mejia Visit Packard Health During National Health Center Week"}]},{"@type":"WebSite","@id":"https:\/\/packardhealth.org\/#website","url":"https:\/\/packardhealth.org\/","name":"Packard Health","description":"Atenci\u00f3n m\u00e9dica para todos.","potentialAction":[{"@type":"SearchAction","target":{"@type":"EntryPoint","urlTemplate":"https:\/\/packardhealth.org\/?s={search_term_string}"},"query-input":{"@type":"PropertyValueSpecification","valueRequired":true,"valueName":"search_term_string"}}],"inLanguage":"es"},{"@type":"Person","@id":"https:\/\/packardhealth.org\/#\/schema\/person\/16953d509256d393293f51374f489bae","name":"Allison Halerz","image":{"@type":"ImageObject","inLanguage":"es","@id":"https:\/\/secure.gravatar.com\/avatar\/c1ebafa3bde25ab2f2eb6205b833316b404c5901efcc1528900fdc2e7d146176?s=96&d=mm&r=g","url":"https:\/\/secure.gravatar.com\/avatar\/c1ebafa3bde25ab2f2eb6205b833316b404c5901efcc1528900fdc2e7d146176?s=96&d=mm&r=g","contentUrl":"https:\/\/secure.gravatar.com\/avatar\/c1ebafa3bde25ab2f2eb6205b833316b404c5901efcc1528900fdc2e7d146176?s=96&d=mm&r=g","caption":"Allison Halerz"},"sameAs":["http:\/\/www.packardhealth.org"],"url":"https:\/\/packardhealth.org\/es\/author\/allisonhalerz\/"}]}},"_links":{"self":[{"href":"https:\/\/packardhealth.org\/es\/wp-json\/wp\/v2\/posts\/11729","targetHints":{"allow":["GET"]}}],"collection":[{"href":"https:\/\/packardhealth.org\/es\/wp-json\/wp\/v2\/posts"}],"about":[{"href":"https:\/\/packardhealth.org\/es\/wp-json\/wp\/v2\/types\/post"}],"author":[{"embeddable":true,"href":"https:\/\/packardhealth.org\/es\/wp-json\/wp\/v2\/users\/12"}],"replies":[{"embeddable":true,"href":"https:\/\/packardhealth.org\/es\/wp-json\/wp\/v2\/comments?post=11729"}],"version-history":[{"count":11,"href":"https:\/\/packardhealth.org\/es\/wp-json\/wp\/v2\/posts\/11729\/revisions"}],"predecessor-version":[{"id":11755,"href":"https:\/\/packardhealth.org\/es\/wp-json\/wp\/v2\/posts\/11729\/revisions\/11755"}],"wp:featuredmedia":[{"embeddable":true,"href":"https:\/\/packardhealth.org\/es\/wp-json\/wp\/v2\/media\/11748"}],"wp:attachment":[{"href":"https:\/\/packardhealth.org\/es\/wp-json\/wp\/v2\/media?parent=11729"}],"wp:term":[{"taxonomy":"category","embeddable":true,"href":"https:\/\/packardhealth.org\/es\/wp-json\/wp\/v2\/categories?post=11729"},{"taxonomy":"post_tag","embeddable":true,"href":"https:\/\/packardhealth.org\/es\/wp-json\/wp\/v2\/tags?post=11729"}],"curies":[{"name":"wp","href":"https:\/\/api.w.org\/{rel}","templated":true}]}}